{"id":476,"date":"2024-07-21T20:55:30","date_gmt":"2024-07-21T18:55:30","guid":{"rendered":"https:\/\/larondedessources.fr\/?p=476"},"modified":"2024-07-21T21:10:14","modified_gmt":"2024-07-21T19:10:14","slug":"romain-bardet-sur-la-deuxieme-ronde-des-sources","status":"publish","type":"post","link":"https:\/\/larondedessources.fr\/index.php\/2024\/07\/21\/romain-bardet-sur-la-deuxieme-ronde-des-sources\/","title":{"rendered":"Romain BARDET sur la Deuxi\u00e8me Ronde des Sources"},"content":{"rendered":"<p>Et\u00e9 2024 : trois \u00e9v\u00e9nements sportifs nous retiennent l&rsquo;attention : le Tour de France , c&rsquo;est fait ;; les Jeux Olympiques, \u00e7a d\u00e9boule dans quelques jours et la Ronde des Sources \u00e0 Saint-Amand les Eaux le vendredi 30 ao\u00fbt.<br \/>\nBONNE NOUVELLE :<br \/>\nROMAIN BARDET sera au d\u00e9part de notre crit\u00e9rium. Il ne sera pas seul, d&rsquo;autres noms vont suivre&#8230;<\/p>\n<h5>Romain Bardet, la classe<\/h5>\n<p>Champion de grande classe, au talent de grimpeur qui ne l\u00e2che jamais, Romain Bardet sera l\u2019une des t\u00eates d\u2019affiche de notre Ronde.<br \/>\nPremier maillot jaune de ce dernier Tour de France avec sa victoire \u00e0 Rimini lors de la premi\u00e8re \u00e9tape, Romain Bardet est une des personnalit\u00e9s les plus attachantes du peloton cycliste.<br \/>\nTitulaire d\u2019une impressionnante collection de places d\u2019honneur, Romain est un chouchou du public, celui de La Ronde le confirmera !<\/p>\n<p>Le d\u00e9part du crit\u00e9rium sera donn\u00e9 Grand Place, au pied de la Tour \u00e0 17 h 30.<\/p>\n","protected":false},"excerpt":{"rendered":"<p>Et\u00e9 2024 : trois \u00e9v\u00e9nements sportifs nous retiennent l&rsquo;attention : le Tour de France , c&rsquo;est fait ;; les Jeux Olympiques, \u00e7a d\u00e9boule dans quelques jours et la Ronde des Sources \u00e0 Saint-Amand les Eaux le vendredi 30 ao\u00fbt. BONNE NOUVELLE : ROMAIN BARDET sera au d\u00e9part de notre crit\u00e9rium. Il ne sera pas seul, [&hellip;]<\/p>\n","protected":false},"author":1,"featured_media":477,"comment_status":"open","ping_status":"open","sticky":false,"template":"","format":"standard","meta":{"_et_pb_use_builder":"","_et_pb_old_content":"","_et_gb_content_width":"","inline_featured_image":false,"footnotes":""},"categories":[7],"tags":[],"class_list":["post-476","post","type-post","status-publish","format-standard","has-post-thumbnail","hentry","category-actus2024"],"_links":{"self":[{"href":"https:\/\/larondedessources.fr\/index.php\/wp-json\/wp\/v2\/posts\/476","targetHints":{"allow":["GET"]}}],"collection":[{"href":"https:\/\/larondedessources.fr\/index.php\/wp-json\/wp\/v2\/posts"}],"about":[{"href":"https:\/\/larondedessources.fr\/index.php\/wp-json\/wp\/v2\/types\/post"}],"author":[{"embeddable":true,"href":"https:\/\/larondedessources.fr\/index.php\/wp-json\/wp\/v2\/users\/1"}],"replies":[{"embeddable":true,"href":"https:\/\/larondedessources.fr\/index.php\/wp-json\/wp\/v2\/comments?post=476"}],"version-history":[{"count":3,"href":"https:\/\/larondedessources.fr\/index.php\/wp-json\/wp\/v2\/posts\/476\/revisions"}],"predecessor-version":[{"id":483,"href":"https:\/\/larondedessources.fr\/index.php\/wp-json\/wp\/v2\/posts\/476\/revisions\/483"}],"wp:featuredmedia":[{"embeddable":true,"href":"https:\/\/larondedessources.fr\/index.php\/wp-json\/wp\/v2\/media\/477"}],"wp:attachment":[{"href":"https:\/\/larondedessources.fr\/index.php\/wp-json\/wp\/v2\/media?parent=476"}],"wp:term":[{"taxonomy":"category","embeddable":true,"href":"https:\/\/larondedessources.fr\/index.php\/wp-json\/wp\/v2\/categories?post=476"},{"taxonomy":"post_tag","embeddable":true,"href":"https:\/\/larondedessources.fr\/index.php\/wp-json\/wp\/v2\/tags?post=476"}],"curies":[{"name":"wp","href":"https:\/\/api.w.org\/{rel}","templated":true}]}}